{"id":6087,"date":"2026-03-31T09:38:53","date_gmt":"2026-03-31T07:38:53","guid":{"rendered":"https:\/\/baukulturschweiz.ch\/?p=6087"},"modified":"2026-03-31T09:42:09","modified_gmt":"2026-03-31T07:42:09","slug":"forum-baukultur-am-11-mai-2026","status":"publish","type":"post","link":"https:\/\/baukulturschweiz.ch\/fr\/forum-baukultur-am-11-mai-2026\/","title":{"rendered":"Forum Baukultur am 11. Mai 2026"},"content":{"rendered":"<div data-elementor-type=\"wp-post\" data-elementor-id=\"6087\" class=\"elementor elementor-6087\" data-elementor-post-type=\"post\">\n\t\t\t\t<section class=\"elementor-element elementor-element-9b8d724 u-sidePadding u-dcwiSection -noTop e-flex e-con-boxed e-con e-parent\" data-id=\"9b8d724\" data-element_type=\"container\">\n\t\t\t\t\t<div class=\"e-con-inner\">\n\t\t\t\t<div class=\"elementor-element elementor-element-fab9429 elementor-widget elementor-widget-dcwi-content-block\" data-id=\"fab9429\" data-element_type=\"widget\" data-widget_type=\"dcwi-content-block.default\">\n\t\t\t\t<div class=\"elementor-widget-container\">\n\t\t\t\t\t        <div class=\"m-contentBlock -wide u-leadText -borderTop\" data-no-translation>\n                            <div class=\"m-contentBlock__header\">\n                    <h2 class=\"u-noMargin\">Forum de la culture du b\u00e2ti, le 11 Mai 2026<\/h2>                <\/div>\n                        <div class=\"m-contentBlock__inner\">\n                <div class=\"m-contentBlock__imageWrapper\"><img fetchpriority=\"high\" decoding=\"async\" width=\"1280\" height=\"904\" src=\"https:\/\/baukulturschweiz.ch\/wp-content\/uploads\/2026\/03\/1774936805984.jpeg\" class=\"m-contentBlock__image\" alt=\"\" srcset=\"https:\/\/baukulturschweiz.ch\/wp-content\/uploads\/2026\/03\/1774936805984.jpeg 1280w, https:\/\/baukulturschweiz.ch\/wp-content\/uploads\/2026\/03\/1774936805984-300x212.jpeg 300w, https:\/\/baukulturschweiz.ch\/wp-content\/uploads\/2026\/03\/1774936805984-1024x723.jpeg 1024w, https:\/\/baukulturschweiz.ch\/wp-content\/uploads\/2026\/03\/1774936805984-768x542.jpeg 768w, https:\/\/baukulturschweiz.ch\/wp-content\/uploads\/2026\/03\/1774936805984-18x12.jpeg 18w\" sizes=\"(max-width: 1280px) 100vw, 1280px\" \/>                    <span class=\"m-contentBlock__credit\">\u00a9 OFC<\/span>\n                <\/div>                <div class=\"m-contentBlock__content\">\n                    <p>Qu\u2019est-ce qu\u2019un lieu o\u00f9 il fait bon vivre ? Voil\u00e0 la question \u00e0 laquelle nous tenterons de r\u00e9pondre lors de cette \u00e9dition. La manifestation se d\u00e9roulera en trois langues (allemand \/ fran\u00e7ais \/ italien). Elle se tiendra au Centre Paul Klee \u00e0 Berne et durera toute la journ\u00e9e. La participation est gratuite, mais le nombre de places est limit\u00e9.<\/p>\n<p>Plus d'informations <a href=\"https:\/\/www.bak.admin.ch\/bak\/fr\/home\/baukultur\/dialog\/forum-baukultur-einladung.html\" target=\"_blank\" rel=\"noopener\">ici<\/a>.<\/p>\n                                    <\/div>\n            <\/div>\n        <\/div>\n        \t\t\t\t<\/div>\n\t\t\t\t<\/div>\n\t\t\t\t\t<\/div>\n\t\t\t\t<\/section>\n\t\t\t\t<\/div>","protected":false},"excerpt":{"rendered":"<p>\u00a9 BAK Das diesj\u00e4hrige Forum Baukultur widmet sich der Frage, was Orte lebenswert macht. Die Veranstaltung ist dreisprachig (D\/F\/I) und findet ganztags im Zentrum Paul Klee in Bern statt. Die Teilnahme ist kostenlos, die Platzzahl begrenzt. Weitere Informationen hier.<\/p>","protected":false},"author":7,"featured_media":0,"comment_status":"closed","ping_status":"closed","sticky":false,"template":"","format":"standard","meta":{"_acf_changed":false,"_relevanssi_hide_post":"","_relevanssi_hide_content":"","_relevanssi_pin_for_all":"","_relevanssi_pin_keywords":"","_relevanssi_unpin_keywords":"","_relevanssi_related_keywords":"","_relevanssi_related_include_ids":"","_relevanssi_related_exclude_ids":"","_relevanssi_related_no_append":"","_relevanssi_related_not_related":"","_relevanssi_related_posts":"","_relevanssi_noindex_reason":"","footnotes":""},"categories":[1],"tags":[],"class_list":["post-6087","post","type-post","status-publish","format-standard","hentry","category-uncategorized"],"acf":[],"yoast_head":"<!-- This site is optimized with the Yoast SEO plugin v26.1.1 - https:\/\/yoast.com\/wordpress\/plugins\/seo\/ -->\n<title>Forum Baukultur am 11. Mai 2026 &#8211; Baukultur Schweiz<\/title>\n<meta name=\"robots\" content=\"index, follow, max-snippet:-1, max-image-preview:large, max-video-preview:-1\" \/>\n<link rel=\"canonical\" href=\"https:\/\/baukulturschweiz.ch\/fr\/forum-baukultur-am-11-mai-2026\/\" \/>\n<meta property=\"og:locale\" content=\"fr_FR\" \/>\n<meta property=\"og:type\" content=\"article\" \/>\n<meta property=\"og:title\" content=\"Forum Baukultur am 11. Mai 2026 &#8211; Baukultur Schweiz\" \/>\n<meta property=\"og:description\" content=\"\u00a9 BAK Das diesj\u00e4hrige Forum Baukultur widmet sich der Frage, was Orte lebenswert macht. Die Veranstaltung ist dreisprachig (D\/F\/I) und findet ganztags im Zentrum Paul Klee in Bern statt. Die Teilnahme ist kostenlos, die Platzzahl begrenzt. Weitere Informationen hier.\" \/>\n<meta property=\"og:url\" content=\"https:\/\/baukulturschweiz.ch\/fr\/forum-baukultur-am-11-mai-2026\/\" \/>\n<meta property=\"og:site_name\" content=\"Baukultur Schweiz\" \/>\n<meta property=\"article:published_time\" content=\"2026-03-31T07:38:53+00:00\" \/>\n<meta property=\"article:modified_time\" content=\"2026-03-31T07:42:09+00:00\" \/>\n<meta property=\"og:image\" content=\"https:\/\/baukulturschweiz.ch\/wp-content\/uploads\/2026\/03\/1774936805984.jpeg\" \/>\n<meta name=\"author\" content=\"dklos\" \/>\n<meta name=\"twitter:card\" content=\"summary_large_image\" \/>\n<meta name=\"twitter:label1\" content=\"\u00c9crit par\" \/>\n\t<meta name=\"twitter:data1\" content=\"dklos\" \/>\n\t<meta name=\"twitter:label2\" content=\"Dur\u00e9e de lecture estim\u00e9e\" \/>\n\t<meta name=\"twitter:data2\" content=\"1 minute\" \/>\n<script type=\"application\/ld+json\" class=\"yoast-schema-graph\">{\"@context\":\"https:\/\/schema.org\",\"@graph\":[{\"@type\":\"WebPage\",\"@id\":\"https:\/\/baukulturschweiz.ch\/forum-baukultur-am-11-mai-2026\/\",\"url\":\"https:\/\/baukulturschweiz.ch\/forum-baukultur-am-11-mai-2026\/\",\"name\":\"Forum Baukultur am 11. Mai 2026 &#8211; Baukultur Schweiz\",\"isPartOf\":{\"@id\":\"https:\/\/baukulturschweiz.ch\/de\/#website\"},\"primaryImageOfPage\":{\"@id\":\"https:\/\/baukulturschweiz.ch\/forum-baukultur-am-11-mai-2026\/#primaryimage\"},\"image\":{\"@id\":\"https:\/\/baukulturschweiz.ch\/forum-baukultur-am-11-mai-2026\/#primaryimage\"},\"thumbnailUrl\":\"https:\/\/baukulturschweiz.ch\/wp-content\/uploads\/2026\/03\/1774936805984.jpeg\",\"datePublished\":\"2026-03-31T07:38:53+00:00\",\"dateModified\":\"2026-03-31T07:42:09+00:00\",\"author\":{\"@id\":\"https:\/\/baukulturschweiz.ch\/de\/#\/schema\/person\/96fc677387cf4dcb0e37b87e466f797d\"},\"breadcrumb\":{\"@id\":\"https:\/\/baukulturschweiz.ch\/forum-baukultur-am-11-mai-2026\/#breadcrumb\"},\"inLanguage\":\"fr-FR\",\"potentialAction\":[{\"@type\":\"ReadAction\",\"target\":[\"https:\/\/baukulturschweiz.ch\/forum-baukultur-am-11-mai-2026\/\"]}]},{\"@type\":\"ImageObject\",\"inLanguage\":\"fr-FR\",\"@id\":\"https:\/\/baukulturschweiz.ch\/forum-baukultur-am-11-mai-2026\/#primaryimage\",\"url\":\"https:\/\/baukulturschweiz.ch\/wp-content\/uploads\/2026\/03\/1774936805984.jpeg\",\"contentUrl\":\"https:\/\/baukulturschweiz.ch\/wp-content\/uploads\/2026\/03\/1774936805984.jpeg\"},{\"@type\":\"BreadcrumbList\",\"@id\":\"https:\/\/baukulturschweiz.ch\/forum-baukultur-am-11-mai-2026\/#breadcrumb\",\"itemListElement\":[{\"@type\":\"ListItem\",\"position\":1,\"name\":\"Startseite\",\"item\":\"https:\/\/baukulturschweiz.ch\/\"},{\"@type\":\"ListItem\",\"position\":2,\"name\":\"Forum Baukultur am 11. Mai 2026\"}]},{\"@type\":\"WebSite\",\"@id\":\"https:\/\/baukulturschweiz.ch\/de\/#website\",\"url\":\"https:\/\/baukulturschweiz.ch\/de\/\",\"name\":\"Baukultur Schweiz\",\"description\":\"My WordPress Blog\",\"potentialAction\":[{\"@type\":\"SearchAction\",\"target\":{\"@type\":\"EntryPoint\",\"urlTemplate\":\"https:\/\/baukulturschweiz.ch\/de\/?s={search_term_string}\"},\"query-input\":{\"@type\":\"PropertyValueSpecification\",\"valueRequired\":true,\"valueName\":\"search_term_string\"}}],\"inLanguage\":\"fr-FR\"},{\"@type\":\"Person\",\"@id\":\"https:\/\/baukulturschweiz.ch\/de\/#\/schema\/person\/96fc677387cf4dcb0e37b87e466f797d\",\"name\":\"dklos\",\"image\":{\"@type\":\"ImageObject\",\"inLanguage\":\"fr-FR\",\"@id\":\"https:\/\/baukulturschweiz.ch\/de\/#\/schema\/person\/image\/\",\"url\":\"https:\/\/secure.gravatar.com\/avatar\/13536342ac8ae9282bcadcf700780abf0d8dece896568ffbcb96f16606432d41?s=96&d=mm&r=g\",\"contentUrl\":\"https:\/\/secure.gravatar.com\/avatar\/13536342ac8ae9282bcadcf700780abf0d8dece896568ffbcb96f16606432d41?s=96&d=mm&r=g\",\"caption\":\"dklos\"},\"url\":\"https:\/\/baukulturschweiz.ch\/fr\/author\/dklos\/\"}]}<\/script>\n<!-- \/ Yoast SEO plugin. -->","yoast_head_json":{"title":"Forum Baukultur am 11. Mai 2026 &#8211; Baukultur Schweiz","robots":{"index":"index","follow":"follow","max-snippet":"max-snippet:-1","max-image-preview":"max-image-preview:large","max-video-preview":"max-video-preview:-1"},"canonical":"https:\/\/baukulturschweiz.ch\/fr\/forum-baukultur-am-11-mai-2026\/","og_locale":"fr_FR","og_type":"article","og_title":"Forum Baukultur am 11. Mai 2026 &#8211; Baukultur Schweiz","og_description":"\u00a9 BAK Das diesj\u00e4hrige Forum Baukultur widmet sich der Frage, was Orte lebenswert macht. Die Veranstaltung ist dreisprachig (D\/F\/I) und findet ganztags im Zentrum Paul Klee in Bern statt. Die Teilnahme ist kostenlos, die Platzzahl begrenzt. Weitere Informationen hier.","og_url":"https:\/\/baukulturschweiz.ch\/fr\/forum-baukultur-am-11-mai-2026\/","og_site_name":"Baukultur Schweiz","article_published_time":"2026-03-31T07:38:53+00:00","article_modified_time":"2026-03-31T07:42:09+00:00","og_image":[{"url":"https:\/\/baukulturschweiz.ch\/wp-content\/uploads\/2026\/03\/1774936805984.jpeg","type":"","width":"","height":""}],"author":"dklos","twitter_card":"summary_large_image","twitter_misc":{"\u00c9crit par":"dklos","Dur\u00e9e de lecture estim\u00e9e":"1 minute"},"schema":{"@context":"https:\/\/schema.org","@graph":[{"@type":"WebPage","@id":"https:\/\/baukulturschweiz.ch\/forum-baukultur-am-11-mai-2026\/","url":"https:\/\/baukulturschweiz.ch\/forum-baukultur-am-11-mai-2026\/","name":"Forum Baukultur am 11. Mai 2026 &#8211; Baukultur Schweiz","isPartOf":{"@id":"https:\/\/baukulturschweiz.ch\/de\/#website"},"primaryImageOfPage":{"@id":"https:\/\/baukulturschweiz.ch\/forum-baukultur-am-11-mai-2026\/#primaryimage"},"image":{"@id":"https:\/\/baukulturschweiz.ch\/forum-baukultur-am-11-mai-2026\/#primaryimage"},"thumbnailUrl":"https:\/\/baukulturschweiz.ch\/wp-content\/uploads\/2026\/03\/1774936805984.jpeg","datePublished":"2026-03-31T07:38:53+00:00","dateModified":"2026-03-31T07:42:09+00:00","author":{"@id":"https:\/\/baukulturschweiz.ch\/de\/#\/schema\/person\/96fc677387cf4dcb0e37b87e466f797d"},"breadcrumb":{"@id":"https:\/\/baukulturschweiz.ch\/forum-baukultur-am-11-mai-2026\/#breadcrumb"},"inLanguage":"fr-FR","potentialAction":[{"@type":"ReadAction","target":["https:\/\/baukulturschweiz.ch\/forum-baukultur-am-11-mai-2026\/"]}]},{"@type":"ImageObject","inLanguage":"fr-FR","@id":"https:\/\/baukulturschweiz.ch\/forum-baukultur-am-11-mai-2026\/#primaryimage","url":"https:\/\/baukulturschweiz.ch\/wp-content\/uploads\/2026\/03\/1774936805984.jpeg","contentUrl":"https:\/\/baukulturschweiz.ch\/wp-content\/uploads\/2026\/03\/1774936805984.jpeg"},{"@type":"BreadcrumbList","@id":"https:\/\/baukulturschweiz.ch\/forum-baukultur-am-11-mai-2026\/#breadcrumb","itemListElement":[{"@type":"ListItem","position":1,"name":"Startseite","item":"https:\/\/baukulturschweiz.ch\/"},{"@type":"ListItem","position":2,"name":"Forum Baukultur am 11. Mai 2026"}]},{"@type":"WebSite","@id":"https:\/\/baukulturschweiz.ch\/de\/#website","url":"https:\/\/baukulturschweiz.ch\/de\/","name":"Culture du b\u00e2ti Suisse","description":"My WordPress Blog","potentialAction":[{"@type":"SearchAction","target":{"@type":"EntryPoint","urlTemplate":"https:\/\/baukulturschweiz.ch\/de\/?s={search_term_string}"},"query-input":{"@type":"PropertyValueSpecification","valueRequired":true,"valueName":"search_term_string"}}],"inLanguage":"fr-FR"},{"@type":"Person","@id":"https:\/\/baukulturschweiz.ch\/de\/#\/schema\/person\/96fc677387cf4dcb0e37b87e466f797d","name":"dklos","image":{"@type":"ImageObject","inLanguage":"fr-FR","@id":"https:\/\/baukulturschweiz.ch\/de\/#\/schema\/person\/image\/","url":"https:\/\/secure.gravatar.com\/avatar\/13536342ac8ae9282bcadcf700780abf0d8dece896568ffbcb96f16606432d41?s=96&d=mm&r=g","contentUrl":"https:\/\/secure.gravatar.com\/avatar\/13536342ac8ae9282bcadcf700780abf0d8dece896568ffbcb96f16606432d41?s=96&d=mm&r=g","caption":"dklos"},"url":"https:\/\/baukulturschweiz.ch\/fr\/author\/dklos\/"}]}},"_links":{"self":[{"href":"https:\/\/baukulturschweiz.ch\/fr\/wp-json\/wp\/v2\/posts\/6087","targetHints":{"allow":["GET"]}}],"collection":[{"href":"https:\/\/baukulturschweiz.ch\/fr\/wp-json\/wp\/v2\/posts"}],"about":[{"href":"https:\/\/baukulturschweiz.ch\/fr\/wp-json\/wp\/v2\/types\/post"}],"author":[{"embeddable":true,"href":"https:\/\/baukulturschweiz.ch\/fr\/wp-json\/wp\/v2\/users\/7"}],"replies":[{"embeddable":true,"href":"https:\/\/baukulturschweiz.ch\/fr\/wp-json\/wp\/v2\/comments?post=6087"}],"version-history":[{"count":9,"href":"https:\/\/baukulturschweiz.ch\/fr\/wp-json\/wp\/v2\/posts\/6087\/revisions"}],"predecessor-version":[{"id":6097,"href":"https:\/\/baukulturschweiz.ch\/fr\/wp-json\/wp\/v2\/posts\/6087\/revisions\/6097"}],"wp:attachment":[{"href":"https:\/\/baukulturschweiz.ch\/fr\/wp-json\/wp\/v2\/media?parent=6087"}],"wp:term":[{"taxonomy":"category","embeddable":true,"href":"https:\/\/baukulturschweiz.ch\/fr\/wp-json\/wp\/v2\/categories?post=6087"},{"taxonomy":"post_tag","embeddable":true,"href":"https:\/\/baukulturschweiz.ch\/fr\/wp-json\/wp\/v2\/tags?post=6087"}],"curies":[{"name":"wp","href":"https:\/\/api.w.org\/{rel}","templated":true}]}}